{"id":613,"date":"2026-01-24T18:54:27","date_gmt":"2026-01-24T17:54:27","guid":{"rendered":"https:\/\/fernantes.fr\/?p=613"},"modified":"2026-03-04T15:46:23","modified_gmt":"2026-03-04T14:46:23","slug":"municipales-2026","status":"publish","type":"post","link":"https:\/\/fernantes.fr\/?p=613","title":{"rendered":"Municipales 2026"},"content":{"rendered":"\n<p><strong>3 Questions<\/strong><\/p>\n\n\n\n<p><strong>Des solutions<\/strong>&#8230; (Les r\u00e9ponses de diff\u00e9rentes listes au 04\/03\/2026 \u00e0 la fin de l&rsquo;article)<\/p>\n\n\n\n<p>Le collectif \u00e9crit aux diff\u00e9rents candidats r\u00e9publicains de 48 communes (24 m\u00e9tropolitaines et 24 p\u00e9riurbaines ou rurales). Apr\u00e8s les \u00e9lections de ce prochain mois de mars 2026, ils auront \u00e0 se prononcer sur les solutions de mobilit\u00e9 qu&rsquo;ils souhaitent voir mises en \u0153uvre.<\/p>\n\n\n\n<p><\/p>\n\n\n\n<p><em>A l&rsquo;attention des candidats aux \u00e9lections municipales<\/em><\/p>\n\n\n\n<p><br><em>Mesdames, Messieurs<\/em><\/p>\n\n\n\n<p><em>Apr\u00e8s les \u00e9lections de ce prochain mois de mars 2026, vous aurez \u00e0 vous prononcer sur les solutions de mobilit\u00e9 que vous envisagez voir mises en \u0153uvre. Aujourd&rsquo;hui le secteur des mobilit\u00e9s ne progresse pas dans sa r\u00e9duction des Gaz \u00e0 Effet de Serre et la n\u00e9cessaire d\u00e9carbonation du transport. Par ailleurs, vous devez constater qu&rsquo;aujourd&rsquo;hui de plus en plus de nos concitoyens d\u00e9crochent et n&rsquo;arrivent plus \u00e0 subvenir \u00e0 leurs besoins \u00e9l\u00e9mentaires. Ceci impacte des quartiers et des territoires. Dans le cadre du Service Express M\u00e9tropolitain des solutions seraient donc possibles pour r\u00e9pondre aux enjeux environnementaux, sociaux et territoriaux. Il vous appartiendra de vous prononcer sur les orientations propos\u00e9es non seulement pour le prochain mandat mais aussi pour les perspectives envisag\u00e9es d&rsquo;ici 2050.<\/em><\/p>\n\n\n\n<p>\u2002\u2002\u2002\u2002<em>Nous vous proposons notre dossier de concertation pour que le projet de Service Express M\u00e9tropolitain soit un v\u00e9ritable outil d&rsquo;am\u00e9nagement du territoire<\/em><\/p>\n\n\n\n<p><em>Pour \u00e9clairer le choix des citoyens, nous vous proposons de r\u00e9pondre au questionnaire joint.<\/em><\/p>\n\n\n\n<ul class=\"wp-block-list\">\n<li><em>Dans le but de r\u00e9duction des \u00e9missions de Gaz \u00e0 Effets de Serre et de de d\u00e9carbonation des transports, quel sera votre objectif d&rsquo;augmentation de l\u2019usage des transports en commun (bus, car, train,&#8230;): d\u2019ici 2030? d\u2019ici 2050?<\/em><\/li>\n\n\n\n<li><em>Au regard des besoins actuels et futurs, quelles solutions de mobilit\u00e9 pensez-vous n\u00e9cessaires pour votre territoire(plusieurs choix possibles)?<\/em><\/li>\n\n\n\n<li><em>Pour am\u00e9liorer l&rsquo;attractivit\u00e9 d&rsquo;un service public de transport, quelles solutions proposerez vous de mettre en \u0153uvre (plusieurs choix possibles)?<\/em><\/li>\n<\/ul>\n\n\n\n<p><em>Pour analyser les diff\u00e9rentes propositions, nous souhaitons une r\u00e9ponse pour le 15\/02\/2026, \u00e0 d\u00e9faut le 26\/02\/2026.<\/em><\/p>\n\n\n\n<p><em>Veuillez agr\u00e9er, Mesdames, Messieurs, nos respectueuses salutations.<\/em><\/p>\n\n\n\n<p><em>\/collectif fer Nantes<\/em><\/p>\n\n\n\n<p><em>Pi\u00e8ce jointe&nbsp;: Dossier de concertation SERM<\/em><\/p>\n\n\n\n<div data-wp-interactive=\"core\/file\" class=\"wp-block-file\"><object data-wp-bind--hidden=\"!state.hasPdfPreview\" hidden class=\"wp-block-file__embed\" data=\"https:\/\/fernantes.fr\/wp-content\/uploads\/2026\/01\/SERM-V3-1.pdf\" type=\"application\/pdf\" style=\"width:100%;height:600px\" aria-label=\"Contenu embarqu\u00e9 SERM V3.\"><\/object><a id=\"wp-block-file--media-2b9b644b-1d11-4864-b3ab-ab7e2f191bff\" href=\"https:\/\/fernantes.fr\/wp-content\/uploads\/2026\/01\/SERM-V3-1.pdf\">SERM V3<\/a><a href=\"https:\/\/fernantes.fr\/wp-content\/uploads\/2026\/01\/SERM-V3-1.pdf\" class=\"wp-block-file__button wp-element-button\" download aria-describedby=\"wp-block-file--media-2b9b644b-1d11-4864-b3ab-ab7e2f191bff\">T\u00e9l\u00e9charger<\/a><\/div>\n\n\n\n<p><a href=\"https:\/\/www.ouest-france.fr\/elections\/municipales\/municipales-2026-transports-en-commun-et-gratuite-les-huit-candidats-a-nantes-se-positionnent-7306d8a8-f7a7-11f0-89fe-d868311a6ee2\">https:\/\/www.ouest-france.fr\/elections\/municipales\/municipales-2026-transports-en-commun-et-gratuite-les-huit-candidats-a-nantes-se-positionnent-7306d8a8-f7a7-11f0-89fe-d868311a6ee2<\/a><\/p>\n\n\n\n<figure class=\"wp-block-image size-large\"><img loading=\"lazy\" decoding=\"async\" width=\"750\" height=\"1024\" src=\"https:\/\/fernantes.fr\/wp-content\/uploads\/2026\/01\/image-1-750x1024.png\" alt=\"\" class=\"wp-image-615\" srcset=\"https:\/\/fernantes.fr\/wp-content\/uploads\/2026\/01\/image-1-750x1024.png 750w, https:\/\/fernantes.fr\/wp-content\/uploads\/2026\/01\/image-1-220x300.png 220w, https:\/\/fernantes.fr\/wp-content\/uploads\/2026\/01\/image-1-768x1049.png 768w, https:\/\/fernantes.fr\/wp-content\/uploads\/2026\/01\/image-1.png 937w\" sizes=\"auto, (max-width: 750px) 100vw, 750px\" \/><\/figure>\n\n\n\n<figure class=\"wp-block-image size-large\"><img loading=\"lazy\" decoding=\"async\" width=\"750\" height=\"1024\" src=\"https:\/\/fernantes.fr\/wp-content\/uploads\/2026\/01\/image-2-750x1024.png\" alt=\"\" class=\"wp-image-616\" srcset=\"https:\/\/fernantes.fr\/wp-content\/uploads\/2026\/01\/image-2-750x1024.png 750w, https:\/\/fernantes.fr\/wp-content\/uploads\/2026\/01\/image-2-220x300.png 220w, https:\/\/fernantes.fr\/wp-content\/uploads\/2026\/01\/image-2-768x1048.png 768w, https:\/\/fernantes.fr\/wp-content\/uploads\/2026\/01\/image-2.png 938w\" sizes=\"auto, (max-width: 750px) 100vw, 750px\" \/><\/figure>\n\n\n\n<p><strong>Les R\u00e9ponses au 04\/03\/2026 <\/strong>:<\/p>\n\n\n\n<p>Nous remercions les listes qui ont pris le temps de nous r\u00e9pondre.<\/p>\n\n\n\n<p>Nous reconnaissons la difficult\u00e9 pour certaines d&rsquo;entre elles \u00e0 \u00e9valuer l&rsquo;efficacit\u00e9 des solutions possibles.<\/p>\n\n\n\n<p>Aussi nous demandons que les diverses \u00e9tudes (m\u00e9tropoles, d\u00e9partement, r\u00e9gion, &#8230;) concernant le potentiel des solutions aujourd&rsquo;hui examin\u00e9es soient rendues publiques  (\u00ab\u00a0Etude d&rsquo;opportunit\u00e9\u00a0\u00bb M\u00e9tropole 09\/2025 dont le m\u00e9tro, Etudes mobilit\u00e9 des quadrants de la m\u00e9tropole, Etude mobilit\u00e9 du d\u00e9partement, Etude de trafic r\u00e9gionale ALEOP).<\/p>\n\n\n\n<p>Le sujet Mobilit\u00e9 sera d\u00e8s la mise en place des ex\u00e9cutifs locaux (M\u00e9tropole, Communaut\u00e9s de communes)\u00e0 l&rsquo;agenda 2026.<\/p>\n\n\n\n<p>Plusieurs r\u00e9ponses apportent des approches globales et identifient les enjeux pour le territoire, pour l&rsquo;am\u00e9lioration du pouvoir de vivre des habitants, pour la transition environnemental et la d\u00e9carbonation des transports.<\/p>\n\n\n\n<p>Nous reviendrons vers l&rsquo;ensemble des listes, soient d\u00e8s le 16\/3, ou le 23\/3,  pour construire les solutions de transports qui sont et seront n\u00e9cessaire. <\/p>\n\n\n\n<div data-wp-interactive=\"core\/file\" class=\"wp-block-file\"><object data-wp-bind--hidden=\"!state.hasPdfPreview\" hidden class=\"wp-block-file__embed\" data=\"https:\/\/fernantes.fr\/wp-content\/uploads\/2026\/01\/ReponseListes2026V0d.pdf\" type=\"application\/pdf\" style=\"width:100%;height:600px\" aria-label=\"Contenu embarqu\u00e9 ReponseListes2026V0d.\"><\/object><a id=\"wp-block-file--media-be79a903-d320-4754-bee4-8f8735e737b9\" href=\"https:\/\/fernantes.fr\/wp-content\/uploads\/2026\/01\/ReponseListes2026V0d.pdf\">ReponseListes2026V0d<\/a><a href=\"https:\/\/fernantes.fr\/wp-content\/uploads\/2026\/01\/ReponseListes2026V0d.pdf\" class=\"wp-block-file__button wp-element-button\" download aria-describedby=\"wp-block-file--media-be79a903-d320-4754-bee4-8f8735e737b9\">T\u00e9l\u00e9charger<\/a><\/div>\n","protected":false},"excerpt":{"rendered":"<p>3 Questions Des solutions&#8230; (Les r\u00e9ponses de diff\u00e9rentes listes au 04\/03\/2026 \u00e0 la fin de l&rsquo;article) Le collectif \u00e9crit aux diff\u00e9rents candidats r\u00e9publicains de 48 communes (24 m\u00e9tropolitaines et 24 p\u00e9riurbaines ou rurales). Apr\u00e8s les \u00e9lections de ce prochain mois de mars 2026, ils auront \u00e0 se prononcer sur les [&hellip;]<\/p>\n","protected":false},"author":1,"featured_media":596,"comment_status":"open","ping_status":"open","sticky":true,"template":"","format":"standard","meta":{"om_disable_all_campaigns":false,"_monsterinsights_skip_tracking":false,"_monsterinsights_sitenote_active":false,"_monsterinsights_sitenote_note":"","_monsterinsights_sitenote_category":0,"footnotes":""},"categories":[1],"tags":[9,6,12,14,8],"class_list":["post-613","post","type-post","status-publish","format-standard","has-post-thumbnail","hentry","category-blog","tag-fernantes-2","tag-fernantes","tag-loire-atlantique","tag-municipales-2026","tag-service-express-metropolitain"],"aioseo_notices":[],"_links":{"self":[{"href":"https:\/\/fernantes.fr\/index.php?rest_route=\/wp\/v2\/posts\/613","targetHints":{"allow":["GET"]}}],"collection":[{"href":"https:\/\/fernantes.fr\/index.php?rest_route=\/wp\/v2\/posts"}],"about":[{"href":"https:\/\/fernantes.fr\/index.php?rest_route=\/wp\/v2\/types\/post"}],"author":[{"embeddable":true,"href":"https:\/\/fernantes.fr\/index.php?rest_route=\/wp\/v2\/users\/1"}],"replies":[{"embeddable":true,"href":"https:\/\/fernantes.fr\/index.php?rest_route=%2Fwp%2Fv2%2Fcomments&post=613"}],"version-history":[{"count":11,"href":"https:\/\/fernantes.fr\/index.php?rest_route=\/wp\/v2\/posts\/613\/revisions"}],"predecessor-version":[{"id":684,"href":"https:\/\/fernantes.fr\/index.php?rest_route=\/wp\/v2\/posts\/613\/revisions\/684"}],"wp:featuredmedia":[{"embeddable":true,"href":"https:\/\/fernantes.fr\/index.php?rest_route=\/wp\/v2\/media\/596"}],"wp:attachment":[{"href":"https:\/\/fernantes.fr\/index.php?rest_route=%2Fwp%2Fv2%2Fmedia&parent=613"}],"wp:term":[{"taxonomy":"category","embeddable":true,"href":"https:\/\/fernantes.fr\/index.php?rest_route=%2Fwp%2Fv2%2Fcategories&post=613"},{"taxonomy":"post_tag","embeddable":true,"href":"https:\/\/fernantes.fr\/index.php?rest_route=%2Fwp%2Fv2%2Ftags&post=613"}],"curies":[{"name":"wp","href":"https:\/\/api.w.org\/{rel}","templated":true}]}}